{"id":2509,"date":"2026-08-26T19:18:27","date_gmt":"2026-08-26T17:18:27","guid":{"rendered":"https:\/\/glockenverein-neuenkirchen.de\/?p=2509"},"modified":"2026-08-27T07:13:58","modified_gmt":"2026-08-27T05:13:58","slug":"tag-des-offenen-denkmals-am-13-september-2026","status":"publish","type":"post","link":"https:\/\/glockenverein-neuenkirchen.de\/sv\/tag-des-offenen-denkmals-am-13-september-2026\/","title":{"rendered":"Tag des offenen Denkmals am 14. September 2025"},"content":{"rendered":"<p class=\"qtranxs-available-languages-message qtranxs-available-languages-message-sv\">Tyv\u00e4rr \u00e4r denna artikel enbart tillg\u00e4nglig p\u00e5 <a href=\"https:\/\/glockenverein-neuenkirchen.de\/de\/wp-json\/wp\/v2\/posts\/2509\" class=\"qtranxs-available-language-link qtranxs-available-language-link-de\" title=\"Deutsch\">Deutsch<\/a>.<\/p><div class=\"wpb-content-wrapper\" id=\"wpb-content-root\"><p>[vc_row][vc_column width=&#8221;2\/3&#8243;][vc_column_text]Was hat ein fast 250 Jahre altes Pfarrhaus mit dem diesj\u00e4hrigen Motto des Tages des offenen Denkmals zu tun?<\/p>\n<p><!--more-->Unter dem Motto \u201eNetzWERKE: Denkmale &amp; Infrastruktur\u201c stehen 2026 Orte im Mittelpunkt, die Menschen miteinander verbinden und das gesellschaftliche Leben pr\u00e4gen. Unser historisches Pfarrhaus ist ein solcher Ort: Seit fast 250 Jahren ist es eng mit dem Leben unserer Kirchengemeinde verbunden \u2013 als Wohn- und Arbeitsort des Pfarrers, als Ort der Begegnung, des Austauschs und der Organisation. Hier liefen viele F\u00e4den des Gemeindelebens zusammen.<\/p>\n<p>Zum Tag des offenen Denkmals 2026 \u00f6ffnen wir die T\u00fcren und laden dazu ein, unser Pfarrhaus und seine Geschichte zu entdecken. Erfahren Sie, welche Spuren die vergangenen Jahrhunderte hinterlassen haben.<\/p>\n<p>Um 16 Uhr wird Petra Schwaan-Nandke im Geburtshaus von Alwine Wuthenow aus Gerhard Dallmanns \u201eDas arme Lied: Lebensskizze der Alwine Wuthenow\u201c lesen. Diese Veranstaltung ist Teil des Festprogramms anl\u00e4sslich des 100. Geburtstages des Pfarrers und Schriftstellers Gerhard Dallmann.<\/p>\n<h4>Programm<\/h4>\n<ul>\n<li>ab 14 Uhr: Besichtigung des Pfarrhauses, Turmbesteigung, Kaffee und Kuchen<\/li>\n<li><strong>16 Uhr: \u201eDas arme Lied: Lebensskizze der Alwine Wuthenow\u201c<br \/>\n<\/strong>Petra Schwaan-Nandke liest im Geburtshaus von Alwine Wuthenow aus Gerhard Dallmanns Erz\u00e4hlung<\/li>\n<\/ul>\n<p>Mehr Informationen finden Sie unter<br \/>\n<a href=\"https:\/\/www.tag-des-offenen-denkmals.de\/denkmal\/19c0ac26-c696-11ea-ab68-960000611c47\" target=\"_blank\" rel=\"noopener\">www.tag-des-offenen-denkmals.de<\/a>[\/vc_column_text][\/vc_column][vc_column width=&#8221;1\/3&#8243;][vc_single_image onclick=&#8221;link_image&#8221; image=&#8221;2510&#8243; img_size=&#8221;full&#8221; style=&#8221;vc_box_shadow_3d&#8221; alignment=&#8221;right&#8221;][\/vc_column][\/vc_row]<\/p><\/div>","protected":false},"excerpt":{"rendered":"<p class=\"qtranxs-available-languages-message qtranxs-available-languages-message-sv\">Tyv\u00e4rr \u00e4r denna artikel enbart tillg\u00e4nglig p\u00e5 <a href=\"https:\/\/glockenverein-neuenkirchen.de\/de\/wp-json\/wp\/v2\/posts\/2509\" class=\"qtranxs-available-language-link qtranxs-available-language-link-de\" title=\"Deutsch\">Deutsch<\/a>.<\/p>\n<p>Zum Tag des offenen Denkmals 2026 \u00f6ffnen wir die T\u00fcren und laden dazu ein, unser Pfarrhaus und seine Geschichte zu entdecken.<\/p>\n","protected":false},"author":3,"featured_media":2513,"comment_status":"closed","ping_status":"closed","sticky":false,"template":"","format":"standard","meta":{"footnotes":""},"categories":[15,7],"tags":[18],"class_list":["post-2509","post","type-post","status-publish","format-standard","has-post-thumbnail","hentry","category-pfarrhaus","category-veranstaltungen","tag-offenes-denkmal","category-15","category-7","description-off"],"_links":{"self":[{"href":"https:\/\/glockenverein-neuenkirchen.de\/sv\/wp-json\/wp\/v2\/posts\/2509","targetHints":{"allow":["GET"]}}],"collection":[{"href":"https:\/\/glockenverein-neuenkirchen.de\/sv\/wp-json\/wp\/v2\/posts"}],"about":[{"href":"https:\/\/glockenverein-neuenkirchen.de\/sv\/wp-json\/wp\/v2\/types\/post"}],"author":[{"embeddable":true,"href":"https:\/\/glockenverein-neuenkirchen.de\/sv\/wp-json\/wp\/v2\/users\/3"}],"replies":[{"embeddable":true,"href":"https:\/\/glockenverein-neuenkirchen.de\/sv\/wp-json\/wp\/v2\/comments?post=2509"}],"version-history":[{"count":1,"href":"https:\/\/glockenverein-neuenkirchen.de\/sv\/wp-json\/wp\/v2\/posts\/2509\/revisions"}],"predecessor-version":[{"id":2516,"href":"https:\/\/glockenverein-neuenkirchen.de\/sv\/wp-json\/wp\/v2\/posts\/2509\/revisions\/2516"}],"wp:featuredmedia":[{"embeddable":true,"href":"https:\/\/glockenverein-neuenkirchen.de\/sv\/wp-json\/wp\/v2\/media\/2513"}],"wp:attachment":[{"href":"https:\/\/glockenverein-neuenkirchen.de\/sv\/wp-json\/wp\/v2\/media?parent=2509"}],"wp:term":[{"taxonomy":"category","embeddable":true,"href":"https:\/\/glockenverein-neuenkirchen.de\/sv\/wp-json\/wp\/v2\/categories?post=2509"},{"taxonomy":"post_tag","embeddable":true,"href":"https:\/\/glockenverein-neuenkirchen.de\/sv\/wp-json\/wp\/v2\/tags?post=2509"}],"curies":[{"name":"wp","href":"https:\/\/api.w.org\/{rel}","templated":true}]}}